[{"@context":"https:\/\/schema.org\/","@type":"Blog","@id":"https:\/\/www.katel.cz#Blog","headline":"Katel","description":"\nNa internetu jsou nejhor\u0161\u00edmi autory nab\u00eddek ti, kdo nestoj\u00ed ani za zl\u00e1manou gre\u0161li a p\u0159esto jsou prodejn\u00ed. Takov\u00ed ale u n\u00e1s nemaj\u00ed co pohled\u00e1vat.","url":"https:\/\/www.katel.cz","hasPart":[{"@type":"Article","@id":"https:\/\/www.katel.cz\/do-bytu-nebo-domu-v-kladne-bych-si-poridil-plastova-okna\/","headline":"Do bytu nebo domu v Kladn\u011b bych si po\u0159\u00eddil plastov\u00e1 okna","url":"https:\/\/www.katel.cz\/do-bytu-nebo-domu-v-kladne-bych-si-poridil-plastova-okna\/","datePublished":"2025-10-18","dateModified":"2025-10-18","mainEntityOfPage":"https:\/\/www.katel.cz\/do-bytu-nebo-domu-v-kladne-bych-si-poridil-plastova-okna\/","author":{"@type":"Person","@id":"https:\/\/www.katel.cz\/author\/devene\/#Person","name":"devene","url":"https:\/\/www.katel.cz\/author\/devene\/","identifier":1,"image":{"@type":"ImageObject","@id":"https:\/\/secure.gravatar.com\/avatar\/d81a95b988e562d8ac0fc1eb5578e43f924bf78e85c5259f0dcab44a306610fa?s=96&d=mm&r=g","url":"https:\/\/secure.gravatar.com\/avatar\/d81a95b988e562d8ac0fc1eb5578e43f924bf78e85c5259f0dcab44a306610fa?s=96&d=mm&r=g","height":96,"width":96}},"publisher":{"@type":"Organization","name":"katel.cz","logo":{"@type":"ImageObject","@id":"\/logo.png","url":"\/logo.png","width":600,"height":60}},"image":{"@type":"ImageObject","@id":"https:\/\/www.katel.cz\/wp-content\/uploads\/home-5835289_640_10_10_7.jpg","url":"https:\/\/www.katel.cz\/wp-content\/uploads\/home-5835289_640_10_10_7.jpg","height":0,"width":0},"wordCount":523,"keywords":null},{"@type":"Article","@id":"https:\/\/www.katel.cz\/krasne-nakrcniky\/","headline":"Kr\u00e1sn\u00e9 n\u00e1kr\u010dn\u00edky","url":"https:\/\/www.katel.cz\/krasne-nakrcniky\/","datePublished":"2025-10-04","dateModified":"2025-10-04","mainEntityOfPage":"https:\/\/www.katel.cz\/krasne-nakrcniky\/","author":{"@type":"Person","@id":"https:\/\/www.katel.cz\/author\/devene\/#Person","name":"devene","url":"https:\/\/www.katel.cz\/author\/devene\/","identifier":1,"image":{"@type":"ImageObject","@id":"https:\/\/secure.gravatar.com\/avatar\/d81a95b988e562d8ac0fc1eb5578e43f924bf78e85c5259f0dcab44a306610fa?s=96&d=mm&r=g","url":"https:\/\/secure.gravatar.com\/avatar\/d81a95b988e562d8ac0fc1eb5578e43f924bf78e85c5259f0dcab44a306610fa?s=96&d=mm&r=g","height":96,"width":96}},"publisher":{"@type":"Organization","name":"katel.cz","logo":{"@type":"ImageObject","@id":"\/logo.png","url":"\/logo.png","width":600,"height":60}},"image":{"@type":"ImageObject","@id":"https:\/\/www.katel.cz\/wp-content\/uploads\/d%C3%A1msk%C3%BD%20n%C3%A1kr%C4%8Dn%C3%ADk.jpg","url":"https:\/\/www.katel.cz\/wp-content\/uploads\/d%C3%A1msk%C3%BD%20n%C3%A1kr%C4%8Dn%C3%ADk.jpg","height":0,"width":0},"wordCount":668,"keywords":null},{"@type":"Article","@id":"https:\/\/www.katel.cz\/proc-sverit-vyklizeni-prostor-odbornikum\/","headline":"Pro\u010d sv\u011b\u0159it vykl\u00edzen\u00ed prostor odborn\u00edk\u016fm","url":"https:\/\/www.katel.cz\/proc-sverit-vyklizeni-prostor-odbornikum\/","datePublished":"2025-09-06","dateModified":"2025-09-06","mainEntityOfPage":"https:\/\/www.katel.cz\/proc-sverit-vyklizeni-prostor-odbornikum\/","author":{"@type":"Person","@id":"https:\/\/www.katel.cz\/author\/devene\/#Person","name":"devene","url":"https:\/\/www.katel.cz\/author\/devene\/","identifier":1,"image":{"@type":"ImageObject","@id":"https:\/\/secure.gravatar.com\/avatar\/d81a95b988e562d8ac0fc1eb5578e43f924bf78e85c5259f0dcab44a306610fa?s=96&d=mm&r=g","url":"https:\/\/secure.gravatar.com\/avatar\/d81a95b988e562d8ac0fc1eb5578e43f924bf78e85c5259f0dcab44a306610fa?s=96&d=mm&r=g","height":96,"width":96}},"publisher":{"@type":"Organization","name":"katel.cz","logo":{"@type":"ImageObject","@id":"\/logo.png","url":"\/logo.png","width":600,"height":60}},"image":{"@type":"ImageObject","@id":"https:\/\/www.katel.cz\/wp-content\/uploads\/chair-2589501_640_10_2.jpg","url":"https:\/\/www.katel.cz\/wp-content\/uploads\/chair-2589501_640_10_2.jpg","height":0,"width":0},"wordCount":631,"keywords":null},{"@type":"Article","@id":"https:\/\/www.katel.cz\/za-dopravu-zakaznikum-nic-neuctujeme\/","headline":"Za dopravu z\u00e1kazn\u00edk\u016fm nic ne\u00fa\u010dtujeme","url":"https:\/\/www.katel.cz\/za-dopravu-zakaznikum-nic-neuctujeme\/","datePublished":"2025-08-29","dateModified":"2025-08-29","mainEntityOfPage":"https:\/\/www.katel.cz\/za-dopravu-zakaznikum-nic-neuctujeme\/","author":{"@type":"Person","@id":"https:\/\/www.katel.cz\/author\/devene\/#Person","name":"devene","url":"https:\/\/www.katel.cz\/author\/devene\/","identifier":1,"image":{"@type":"ImageObject","@id":"https:\/\/secure.gravatar.com\/avatar\/d81a95b988e562d8ac0fc1eb5578e43f924bf78e85c5259f0dcab44a306610fa?s=96&d=mm&r=g","url":"https:\/\/secure.gravatar.com\/avatar\/d81a95b988e562d8ac0fc1eb5578e43f924bf78e85c5259f0dcab44a306610fa?s=96&d=mm&r=g","height":96,"width":96}},"publisher":{"@type":"Organization","name":"katel.cz","logo":{"@type":"ImageObject","@id":"\/logo.png","url":"\/logo.png","width":600,"height":60}},"image":null,"wordCount":221,"keywords":null},{"@type":"Article","@id":"https:\/\/www.katel.cz\/znacka-ktera-mluvi-za-vse\/","headline":"Zna\u010dka, kter\u00e1 mluv\u00ed za v\u0161e","url":"https:\/\/www.katel.cz\/znacka-ktera-mluvi-za-vse\/","datePublished":"2025-08-22","dateModified":"2025-08-22","mainEntityOfPage":"https:\/\/www.katel.cz\/znacka-ktera-mluvi-za-vse\/","author":{"@type":"Person","@id":"https:\/\/www.katel.cz\/author\/devene\/#Person","name":"devene","url":"https:\/\/www.katel.cz\/author\/devene\/","identifier":1,"image":{"@type":"ImageObject","@id":"https:\/\/secure.gravatar.com\/avatar\/d81a95b988e562d8ac0fc1eb5578e43f924bf78e85c5259f0dcab44a306610fa?s=96&d=mm&r=g","url":"https:\/\/secure.gravatar.com\/avatar\/d81a95b988e562d8ac0fc1eb5578e43f924bf78e85c5259f0dcab44a306610fa?s=96&d=mm&r=g","height":96,"width":96}},"publisher":{"@type":"Organization","name":"katel.cz","logo":{"@type":"ImageObject","@id":"\/logo.png","url":"\/logo.png","width":600,"height":60}},"image":null,"wordCount":261,"keywords":null},{"@type":"Article","@id":"https:\/\/www.katel.cz\/jak-predelat-zahradu\/","headline":"Jak p\u0159ed\u011blat zahradu","url":"https:\/\/www.katel.cz\/jak-predelat-zahradu\/","datePublished":"2025-08-19","dateModified":"2025-08-19","mainEntityOfPage":"https:\/\/www.katel.cz\/jak-predelat-zahradu\/","author":{"@type":"Person","@id":"https:\/\/www.katel.cz\/author\/devene\/#Person","name":"devene","url":"https:\/\/www.katel.cz\/author\/devene\/","identifier":1,"image":{"@type":"ImageObject","@id":"https:\/\/secure.gravatar.com\/avatar\/d81a95b988e562d8ac0fc1eb5578e43f924bf78e85c5259f0dcab44a306610fa?s=96&d=mm&r=g","url":"https:\/\/secure.gravatar.com\/avatar\/d81a95b988e562d8ac0fc1eb5578e43f924bf78e85c5259f0dcab44a306610fa?s=96&d=mm&r=g","height":96,"width":96}},"publisher":{"@type":"Organization","name":"katel.cz","logo":{"@type":"ImageObject","@id":"\/logo.png","url":"\/logo.png","width":600,"height":60}},"image":{"@type":"ImageObject","@id":"https:\/\/www.katel.cz\/wp-content\/uploads\/graffiti-3402862_640_1.jpg","url":"https:\/\/www.katel.cz\/wp-content\/uploads\/graffiti-3402862_640_1.jpg","height":0,"width":0},"wordCount":570,"keywords":null},{"@type":"Article","@id":"https:\/\/www.katel.cz\/mejte-se-stale-rady\/","headline":"M\u011bjte se st\u00e1le r\u00e1dy","url":"https:\/\/www.katel.cz\/mejte-se-stale-rady\/","datePublished":"2025-08-16","dateModified":"2025-08-16","mainEntityOfPage":"https:\/\/www.katel.cz\/mejte-se-stale-rady\/","author":{"@type":"Person","@id":"https:\/\/www.katel.cz\/author\/devene\/#Person","name":"devene","url":"https:\/\/www.katel.cz\/author\/devene\/","identifier":1,"image":{"@type":"ImageObject","@id":"https:\/\/secure.gravatar.com\/avatar\/d81a95b988e562d8ac0fc1eb5578e43f924bf78e85c5259f0dcab44a306610fa?s=96&d=mm&r=g","url":"https:\/\/secure.gravatar.com\/avatar\/d81a95b988e562d8ac0fc1eb5578e43f924bf78e85c5259f0dcab44a306610fa?s=96&d=mm&r=g","height":96,"width":96}},"publisher":{"@type":"Organization","name":"katel.cz","logo":{"@type":"ImageObject","@id":"\/logo.png","url":"\/logo.png","width":600,"height":60}},"image":null,"wordCount":237,"keywords":null},{"@type":"Article","@id":"https:\/\/www.katel.cz\/prirodni-ozdoba-pro-vase-okna\/","headline":"P\u0159\u00edrodn\u00ed ozdoba pro Va\u0161e okna","url":"https:\/\/www.katel.cz\/prirodni-ozdoba-pro-vase-okna\/","datePublished":"2025-08-12","dateModified":"2025-08-12","mainEntityOfPage":"https:\/\/www.katel.cz\/prirodni-ozdoba-pro-vase-okna\/","author":{"@type":"Person","@id":"https:\/\/www.katel.cz\/author\/devene\/#Person","name":"devene","url":"https:\/\/www.katel.cz\/author\/devene\/","identifier":1,"image":{"@type":"ImageObject","@id":"https:\/\/secure.gravatar.com\/avatar\/d81a95b988e562d8ac0fc1eb5578e43f924bf78e85c5259f0dcab44a306610fa?s=96&d=mm&r=g","url":"https:\/\/secure.gravatar.com\/avatar\/d81a95b988e562d8ac0fc1eb5578e43f924bf78e85c5259f0dcab44a306610fa?s=96&d=mm&r=g","height":96,"width":96}},"publisher":{"@type":"Organization","name":"katel.cz","logo":{"@type":"ImageObject","@id":"\/logo.png","url":"\/logo.png","width":600,"height":60}},"image":null,"wordCount":208,"keywords":null},{"@type":"Article","@id":"https:\/\/www.katel.cz\/komu-darovat-privesky-na-klice-s-potiskem\/","headline":"Komu darovat p\u0159\u00edv\u011bsky na kl\u00ed\u010de s potiskem","url":"https:\/\/www.katel.cz\/komu-darovat-privesky-na-klice-s-potiskem\/","datePublished":"2025-08-05","dateModified":"2025-08-05","mainEntityOfPage":"https:\/\/www.katel.cz\/komu-darovat-privesky-na-klice-s-potiskem\/","author":{"@type":"Person","@id":"https:\/\/www.katel.cz\/author\/devene\/#Person","name":"devene","url":"https:\/\/www.katel.cz\/author\/devene\/","identifier":1,"image":{"@type":"ImageObject","@id":"https:\/\/secure.gravatar.com\/avatar\/d81a95b988e562d8ac0fc1eb5578e43f924bf78e85c5259f0dcab44a306610fa?s=96&d=mm&r=g","url":"https:\/\/secure.gravatar.com\/avatar\/d81a95b988e562d8ac0fc1eb5578e43f924bf78e85c5259f0dcab44a306610fa?s=96&d=mm&r=g","height":96,"width":96}},"publisher":{"@type":"Organization","name":"katel.cz","logo":{"@type":"ImageObject","@id":"\/logo.png","url":"\/logo.png","width":600,"height":60}},"image":{"@type":"ImageObject","@id":"https:\/\/www.katel.cz\/wp-content\/uploads\/keys-1281663_640_5.jpg","url":"https:\/\/www.katel.cz\/wp-content\/uploads\/keys-1281663_640_5.jpg","height":0,"width":0},"wordCount":589,"keywords":null},{"@type":"Article","@id":"https:\/\/www.katel.cz\/mate-radi-retro\/","headline":"M\u00e1te r\u00e1di retro?","url":"https:\/\/www.katel.cz\/mate-radi-retro\/","datePublished":"2025-08-05","dateModified":"2025-08-05","mainEntityOfPage":"https:\/\/www.katel.cz\/mate-radi-retro\/","author":{"@type":"Person","@id":"https:\/\/www.katel.cz\/author\/devene\/#Person","name":"devene","url":"https:\/\/www.katel.cz\/author\/devene\/","identifier":1,"image":{"@type":"ImageObject","@id":"https:\/\/secure.gravatar.com\/avatar\/d81a95b988e562d8ac0fc1eb5578e43f924bf78e85c5259f0dcab44a306610fa?s=96&d=mm&r=g","url":"https:\/\/secure.gravatar.com\/avatar\/d81a95b988e562d8ac0fc1eb5578e43f924bf78e85c5259f0dcab44a306610fa?s=96&d=mm&r=g","height":96,"width":96}},"publisher":{"@type":"Organization","name":"katel.cz","logo":{"@type":"ImageObject","@id":"\/logo.png","url":"\/logo.png","width":600,"height":60}},"image":null,"wordCount":246,"keywords":null}]},{"@context":"https:\/\/schema.org","@type":"WebSite","@id":"https:\/\/www.katel.cz\/#website","name":"Katel","url":"https:\/\/www.katel.cz","potentialAction":{"@type":"SearchAction","target":"https:\/\/www.katel.cz\/?s={search_term_string}","query-input":"required name=search_term_string"}}]