[{"@context":"https:\/\/schema.org\/","@type":"Article","@id":"https:\/\/www.katel.cz\/oblibene-cestovani\/#Article","mainEntityOfPage":"https:\/\/www.katel.cz\/oblibene-cestovani\/","headline":"Obl\u00edben\u00e9 cestov\u00e1n\u00ed","name":"Obl\u00edben\u00e9 cestov\u00e1n\u00ed","description":"V\u017edycky jsem snila o tom, \u017ee ze m\u011b bude v\u00e1\u0161niv\u00e1 cestovatelka. Jako mal\u00e9 d\u00edt\u011b jsem m\u011bla po\u0159\u00edzen\u00e9 dva den\u00edky, kam [&hellip;]","datePublished":"2022-08-22","dateModified":"2023-05-26","author":{"@type":"Person","@id":"https:\/\/www.katel.cz\/author\/devene\/#Person","name":"devene","url":"https:\/\/www.katel.cz\/author\/devene\/","identifier":1,"image":{"@type":"ImageObject","@id":"https:\/\/secure.gravatar.com\/avatar\/d81a95b988e562d8ac0fc1eb5578e43f924bf78e85c5259f0dcab44a306610fa?s=96&d=mm&r=g","url":"https:\/\/secure.gravatar.com\/avatar\/d81a95b988e562d8ac0fc1eb5578e43f924bf78e85c5259f0dcab44a306610fa?s=96&d=mm&r=g","height":96,"width":96}},"publisher":{"@type":"Organization","name":"katel.cz","logo":{"@type":"ImageObject","@id":"\/logo.png","url":"\/logo.png","width":600,"height":60}},"image":{"@type":"ImageObject","@id":"https:\/\/www.katel.cz\/wp-content\/uploads\/sea-4841142_960_720.jpg","url":"https:\/\/www.katel.cz\/wp-content\/uploads\/sea-4841142_960_720.jpg","height":0,"width":0},"url":"https:\/\/www.katel.cz\/oblibene-cestovani\/","about":["Cestov\u00e1n\u00ed"],"wordCount":449,"articleBody":"V\u017edycky jsem snila o tom, \u017ee ze m\u011b bude v\u00e1\u0161niv\u00e1 cestovatelka. Jako mal\u00e9 d\u00edt\u011b jsem m\u011bla po\u0159\u00edzen\u00e9 dva den\u00edky, kam jsem si psala, kdy\u017e jsem n\u011bkam s rodi\u010di cestovala. Tedy sice to nebylo \u017e\u00e1dn\u00e9 nic extra, jak je to nyn\u00ed, \u017ee lid\u00e9 cestuji po cel\u00e9m sv\u011bt\u011b, ale byla jsem r\u00e1da, kdy\u017e m\u011b maminka s tat\u00ednkem vzali na n\u011bjak\u00e9 \u010desk\u00e9 hrady a z\u00e1mky. A cestov\u00e1n\u00ed pro m\u011b byla velk\u00e1 z\u00e1liba a taky kon\u00ed\u010dek. Nedok\u00e1zala jsem si p\u0159edstavit, \u017ee bychom t\u0159eba dva t\u00fddny byly bez n\u011bjak\u00e9ho v\u00fdletu a byla jsem taky velmi r\u00e1da, \u017ee i m\u00ed rodi\u010de na tom cestov\u00e1n\u00ed byli z\u00e1visl\u00ed. Tak\u017ee se mohu pochlubit t\u00edm, \u017ee v sedmi letech jsem u\u017e m\u011bla objet\u00e9 snad v\u0161echny hrady a z\u00e1mky v na\u0161\u00ed \u010cesk\u00e9 republice. Jezdili jsme tam velmi \u010dasto, nap\u0159\u00edklad na hrad\u011b Koko\u0159\u00edn jsem byla u\u017e t\u0159ikr\u00e1t. A proto\u017ee tam se mi l\u00edbilo nejv\u00edce. Mus\u00edm \u0159\u00edct, \u017ee nejv\u00edc a jsem si obl\u00edbila z\u00e1mky.T\u0159eba z\u00e1mek Hlubok\u00e1. Tam jsem byl a u\u017e tolikr\u00e1t, \u017ee bych to ani ne po\u010d\u00edtala. Nicm\u00e9n\u011b ale tak jako d\u00edt\u011b jsem r\u00e1da cestovala tam, kde jsou kr\u00e1sn\u00e9 d\u011btsk\u00e9 v\u011bci. Byli jsme u\u017e n\u011bkolikr\u00e1t v d\u011btsk\u00fdch koutc\u00edch. Tam m\u011b to moc bav\u00ed a jako d\u00edt\u011b jsem si to velmi u\u017e\u00edvala. Kolikr\u00e1t jsme tam i n\u011bkde v hotelu p\u0159espali. A nyn\u00ed si \u0159\u00edk\u00e1m, \u017ee a\u017e budu pracovat a budu m\u00edt hodn\u011b pen\u011bz, tak budu cestovat taky. Samoz\u0159ejm\u011b, \u017ee vezmu n\u011bkdy sv\u00e9 rodi\u010de sebou, ale cht\u011bla bych sama procestovat sv\u011bt. Proto\u017ee m\u00ed rodi\u010de pr\u00fd u\u017e nikam daleko moc cestovat necht\u011bj\u00ed. Tak jsem si \u0159ekla, \u017ee budu cestovat sama. Chci procestovat celou Afriku a ji\u017en\u00ed Ameriku. Tady ty dva kontinenty jsou m\u016fj sen. Tak jsme zv\u011bdav\u00e1,\u00a0jestli\u00a0si na tyto skv\u011bl\u00e9 a velk\u00e9 cesty u\u0161et\u0159\u00edm. Nebo\u00a0jsem\u00a0si \u0159ekla, \u017ee budu ps\u00e1t den\u00edky z cest a t\u0159eba mi vyjdou pak kni\u017en\u011b. A j\u00e1 pak takhle za pen\u00edze budu moct cestovat st\u00e1le dokola, dokud m\u011b to nep\u0159estane bavit. No, pokud n\u011bkdy m\u011b to p\u0159estane bavit. Jin\u00e9 kon\u00ed\u010dky ne\u017e\u00a0cestov\u00e1n\u00ed, toti\u017e nem\u00e1m. A v\u00e1s bav\u00ed cestov\u00e1n\u00ed? Kam byste nejrad\u011bji cestovali? Moje prvn\u00ed samostatn\u00e1 cesta bude n\u011bkam k mo\u0159i, kde si po\u0159\u00e1dn\u011b odpo\u010dinu.                                                                                                                                                                                                                                                                                                                                                                                        4.2\/5 - (12 votes)        "},{"@context":"https:\/\/schema.org\/","@type":"BreadcrumbList","itemListElement":[{"@type":"ListItem","position":1,"name":"Obl\u00edben\u00e9 cestov\u00e1n\u00ed","item":"https:\/\/www.katel.cz\/oblibene-cestovani\/#breadcrumbitem"}]}]