[{"@context":"https:\/\/schema.org\/","@type":"Article","@id":"https:\/\/www.katel.cz\/krasa-pro-vsechny\/#Article","mainEntityOfPage":"https:\/\/www.katel.cz\/krasa-pro-vsechny\/","headline":"Kr\u00e1sa pro v\u0161echny","name":"Kr\u00e1sa pro v\u0161echny","description":"Opravdu by m\u011b zaj\u00edmalo, jak lid\u00e9 t\u0159eba nap\u0159\u00edklad vn\u00edmaj\u00ed kr\u00e1su. Proto\u017ee kr\u00e1sa se \u0159\u00edk\u00e1, \u017ee je v\u011b\u010dn\u00e1. Ale zase n\u011bkdo [&hellip;]","datePublished":"2022-11-09","dateModified":"2023-05-26","author":{"@type":"Person","@id":"https:\/\/www.katel.cz\/author\/devene\/#Person","name":"devene","url":"https:\/\/www.katel.cz\/author\/devene\/","identifier":1,"image":{"@type":"ImageObject","@id":"https:\/\/secure.gravatar.com\/avatar\/d81a95b988e562d8ac0fc1eb5578e43f924bf78e85c5259f0dcab44a306610fa?s=96&d=mm&r=g","url":"https:\/\/secure.gravatar.com\/avatar\/d81a95b988e562d8ac0fc1eb5578e43f924bf78e85c5259f0dcab44a306610fa?s=96&d=mm&r=g","height":96,"width":96}},"publisher":{"@type":"Organization","name":"katel.cz","logo":{"@type":"ImageObject","@id":"\/logo.png","url":"\/logo.png","width":600,"height":60}},"image":{"@type":"ImageObject","@id":"https:\/\/www.katel.cz\/wp-content\/uploads\/girl-2605526_960_720_1.jpg","url":"https:\/\/www.katel.cz\/wp-content\/uploads\/girl-2605526_960_720_1.jpg","height":0,"width":0},"url":"https:\/\/www.katel.cz\/krasa-pro-vsechny\/","about":["Kr\u00e1sa"],"wordCount":437,"articleBody":"Opravdu by m\u011b zaj\u00edmalo, jak lid\u00e9 t\u0159eba nap\u0159\u00edklad vn\u00edmaj\u00ed kr\u00e1su. Proto\u017ee kr\u00e1sa se \u0159\u00edk\u00e1, \u017ee je v\u011b\u010dn\u00e1. Ale zase n\u011bkdo \u0159\u00edk\u00e1, \u017ee kr\u00e1sa je pom\u00edjiv\u00e1. Tak\u017ee kdy\u017e na tom tak p\u0159em\u00fd\u0161l\u00edm, tak to ned\u00e1v\u00e1 v\u016fbec \u017e\u00e1dnou logiku a n\u011bkdy si \u0159\u00edk\u00e1m, jak n\u011bjak\u00e9 pov\u011bry anebo dal\u0161\u00ed podobn\u00e9 v\u011bci \u0159\u00edkadla, d\u00e1vaj\u00ed smysl. Tohle t\u0159eba nap\u0159\u00edklad ned\u00e1v\u00e1 smysl a p\u0159ijde mi to sp\u00ed\u0161e jako paradox. A taky dost mo\u017en\u00e1 to mysleli lid\u00e9 tak, \u017ee vnit\u0159n\u00ed kr\u00e1sa je v\u011b\u010dn\u00e1 a \u017ee vn\u011bj\u0161\u00ed kr\u00e1sa je pom\u00edjiv\u00e1. Abych pravdu \u0159ekla, tak tohle u\u017e by sed\u011blo a m\u011blo by to b\u00fdt taky v\u00edc a pravdiv\u011b, ne\u017e kdyby to bylo naopak anebo to bylo my\u0161leno dohromady. Nezd\u00e1 se v\u00e1m? Nebo je\u0161t\u011b k tomu n\u011bco chyb\u00ed?\u00a0Mysl\u00edm\u00a0si, \u017ee n\u011bjak\u00e9\u00a0chyby\u00a0to ur\u010dit\u011b m\u00e1,\u00a0proto\u017ee\u00a0i tak v nedokonalosti je kr\u00e1sa. Tak\u017ee nakonec to taky dopadlo tak, \u017ee jsem za\u010dala chodit v kosmeti\u010dce, abych byla st\u00e1le kr\u00e1sn\u00e1.\u00a0Nikdy\u00a0nen\u00ed\u00a0pozd\u011b na zm\u011bnu nebo na celkovou p\u00e9\u010di. Taky m\u011b velice t\u011b\u0161il fakt, \u017ee jsem si na\u0161la p\u0159\u00edtele, kter\u00fd taky o sebe pe\u010doval. Zn\u00e1m taky n\u011bkolik lid\u00ed, kte\u0159\u00ed v\u017edycky \u0159\u00edkaj\u00ed, \u017ee cht\u011bj\u00ed vypadat skv\u011ble a sv\u011b\u017ee a c\u00edtit se fit, ale nic pro to bohu\u017eel ned\u011blaj\u00ed. Nebo d\u011blaj\u00ed, ale v\u017edycky jenom chvilku. Zn\u00e1m p\u0159\u00edpady, v\u017edy t\u0159eba lid\u00e9 za\u010dali chodit ke kosmeti\u010dce a taky ke kade\u0159nici, ale vydr\u017eeli to v\u017edycky pouze t\u0159eba dva anebo t\u0159i m\u011bs\u00edce a potom to vzdali. Pr\u00fd je to nebav\u00ed anebo je to st\u00e1lo hodn\u011b pen\u011bz. Tohle je sice pravda, proto\u017ee j\u00e1 chod\u00edm ke kosmeti\u010dce, kter\u00e1 m\u011b Vyjde na patn\u00e1ct stovek m\u011bs\u00ed\u010dn\u011b. Proto tam chod\u00edm u\u017e jednou za \u0161est t\u00fddnu, abych zase neutratila v\u0161echny na\u0161et\u0159en\u00e9 pen\u00edze. Ale \u0159eknu v\u00e1m, \u017ee kosmetick\u00e1 p\u00e9\u010de je velice p\u0159\u00edjemn\u00e1 a j\u00e1 si v\u017edycky u toho odpo\u010dinu nejenom fyzicky, ale tak\u00e9 psychicky. A v\u011b\u0159te, \u017ee opravdu ka\u017ed\u00fd \u010dlov\u011bk kr\u00e1su vn\u00edm\u00e1 jinak ne\u017e t\u0159eba vy, tak\u017ee kr\u00e1sa se v\u017edycky r\u016fzn\u00ed. A nikdy na kr\u00e1su nerezignujte. Kr\u00e1sa je i ta vnit\u0159n\u00ed, tak nezapome\u0148te.                                                                                                                                                                                                                                                                                                                                                                                        4.3\/5 - (7 votes)        "},{"@context":"https:\/\/schema.org\/","@type":"BreadcrumbList","itemListElement":[{"@type":"ListItem","position":1,"name":"Kr\u00e1sa pro v\u0161echny","item":"https:\/\/www.katel.cz\/krasa-pro-vsechny\/#breadcrumbitem"}]}]