[{"@context":"https:\/\/schema.org\/","@type":"Article","@id":"https:\/\/www.katel.cz\/invalidni-vozik\/#Article","mainEntityOfPage":"https:\/\/www.katel.cz\/invalidni-vozik\/","headline":"Invalidn\u00ed voz\u00edk","name":"Invalidn\u00ed voz\u00edk","description":"Lid\u00e9 se \u0161patnou pohyblivost\u00ed maj\u00ed o n\u011bco slo\u017eit\u011bj\u0161\u00ed \u017eivot, ov\u0161em d\u00edky invalidn\u00edm voz\u00edk\u016fm se m\u016f\u017eou st\u00e1le pohybovat v\u0161ude mo\u017en\u011b, a [&hellip;]","datePublished":"2020-06-20","dateModified":"2023-05-26","author":{"@type":"Person","@id":"https:\/\/www.katel.cz\/author\/devene\/#Person","name":"devene","url":"https:\/\/www.katel.cz\/author\/devene\/","identifier":1,"image":{"@type":"ImageObject","@id":"https:\/\/secure.gravatar.com\/avatar\/d81a95b988e562d8ac0fc1eb5578e43f924bf78e85c5259f0dcab44a306610fa?s=96&d=mm&r=g","url":"https:\/\/secure.gravatar.com\/avatar\/d81a95b988e562d8ac0fc1eb5578e43f924bf78e85c5259f0dcab44a306610fa?s=96&d=mm&r=g","height":96,"width":96}},"publisher":{"@type":"Organization","name":"katel.cz","logo":{"@type":"ImageObject","@id":"\/logo.png","url":"\/logo.png","width":600,"height":60}},"image":{"@type":"ImageObject","@id":"https:\/\/www.katel.cz\/wp-content\/uploads\/invalidn%C3%AD%20voz%C3%ADk%20na%20pl%C3%A1%C5%BEi.jpg","url":"https:\/\/www.katel.cz\/wp-content\/uploads\/invalidn%C3%AD%20voz%C3%ADk%20na%20pl%C3%A1%C5%BEi.jpg","height":0,"width":0},"url":"https:\/\/www.katel.cz\/invalidni-vozik\/","about":["N\u00e1kupy"],"wordCount":490,"articleBody":"   Lid\u00e9 se \u0161patnou pohyblivost\u00ed maj\u00ed o n\u011bco slo\u017eit\u011bj\u0161\u00ed \u017eivot, ov\u0161em d\u00edky invalidn\u00edm voz\u00edk\u016fm se m\u016f\u017eou st\u00e1le pohybovat v\u0161ude mo\u017en\u011b, a proto jsou tak d\u016fle\u017eit\u00e9.Invalidn\u00ed voz\u00edkSnadn\u00fd pohyb i na cest\u00e1chJestli\u017ee nem\u016f\u017eete norm\u00e1ln\u011b chodit, tak se nemus\u00edte p\u0159ipravovat na to, \u017ee nebudete moct nikam chodit a t\u00edm z\u016fstat t\u0159eba jen na l\u016f\u017eku. D\u00edky invalidn\u00edm voz\u00edk\u016fm toti\u017e budete moci \u017e\u00edt plnohodnotn\u00fd \u017eivot a moci se neust\u00e1le n\u011bkam pohybovat. Chce to jistou s\u00edlu v rukou, ov\u0161em pohyb je d\u00edky velk\u00fdm kol\u016fm snadn\u00fd, tak\u017ee venkovn\u00ed voz\u00edky p\u0159ekonaj\u00ed v\u0161elijak\u00e9 kopce a nerovnosti ter\u00e9nu.Speci\u00e1ln\u00edm typem je invalidn\u00ed voz\u00edk skl\u00e1dac\u00ed, jen\u017e je v\u00fdjime\u010dn\u00fd pr\u00e1v\u011b mo\u017enost\u00ed kompletn\u00edho slo\u017een\u00ed, co\u017e se hod\u00ed v mnoha situac\u00edch. Nap\u0159\u00edklad budete muset jet ke vzd\u00e1len\u00e9mu l\u00e9ka\u0159i, jen\u017e je t\u0159eba v jin\u00e9m m\u011bst\u011b. S voz\u00edkem tedy p\u0159ijedete k auto, do kter\u00e9ho pohodln\u011b nastoup\u00edte a n\u00e1sledn\u011b V\u00e1m m\u016f\u017ee kdokoliv voz\u00edk slo\u017eit, co\u017e z n\u011bj ud\u011bl\u00e1 velice snadno p\u0159enosn\u00fd p\u0159edm\u011bt, kter\u00fd nen\u00ed probl\u00e9m d\u00e1t do kufru auta. A\u017e doraz\u00edte na m\u00edsto, tak jej zase snadno rozlo\u017e\u00edte a m\u016f\u017eete na n\u011bm jet a\u017e na po\u017eadovan\u00e9 m\u00edsto. Takto se d\u00e1 rozkl\u00e1dat do nekone\u010dna, a proto je to ide\u00e1ln\u00ed cestovn\u00ed voz\u00edk.Elektrick\u00fdPro pohyb na klasick\u00e9m voz\u00edku je p\u0159eci jen nutn\u00e9 m\u00edt ur\u010ditou s\u00edlu, jen\u017e m\u016f\u017ee n\u011bkomu chyb\u011bt, co\u017e ho od klasick\u00e9ho voz\u00edku r\u00e1zem odrad\u00ed. Na\u0161t\u011bst\u00ed si m\u016f\u017eete koupit elektrick\u00fd invalidn\u00ed voz\u00edk, jen\u017e m\u00e1 vlastn\u00ed pohonnou jednotku, a proto k pohybu s n\u00edm sta\u010d\u00ed jen pouh\u00e9 ovl\u00e1d\u00e1n\u00ed nap\u0159\u00edklad p\u00e1\u010dky. Takov\u00fd voz\u00edk je vhodn\u00fd i pro d\u011bti, tak\u017ee nen\u00ed probl\u00e9m s vyu\u017e\u00edv\u00e1n\u00edm takov\u00e9ho za\u0159\u00edzen\u00ed u kohokoliv. Stroj m\u00e1 v\u00fdbornou konstrukci a stabilitu, tak\u017ee p\u0159i klasick\u00e9m pou\u017e\u00edv\u00e1n\u00ed nehroz\u00ed v\u016fbec \u017e\u00e1dn\u00e9 nebezpe\u010d\u00ed.Je vyroben tak, aby se byl u\u017eivatel v naprost\u00e9m bezpe\u010d\u00ed, a p\u0159edev\u0161\u00edm m\u011bl komfort, aby ve voz\u00ed\u010dku mohl tr\u00e1vit n\u011bkolik hodin. Produkt\u016f je na v\u00fdb\u011br n\u011bkolik des\u00edtek, a proto je z \u010deho vyb\u00edrat. P\u0159\u00ed n\u00e1kupu je dobr\u00e9 se tedy \u0159\u00eddit v\u00fdkonem elektromotoru a v\u00fddr\u017e\u00ed akumul\u00e1toru, proto\u017ee to jsou z\u00e1kladn\u00ed parametry, kter\u00e9 ur\u010duj\u00ed s\u00edlu a jak daleko dojedete na jedno nabit\u00ed. Cenov\u011b to nen\u00ed a\u017e takov\u00fd rozd\u00edl, a proto se rozhodn\u011b vyplat\u00ed nad touto mo\u017enost\u00ed alespo\u0148 pop\u0159em\u00fd\u0161let.                                                                                                                                                                                                                                                                                                                                                                                          3.4\/5 - (9 votes)        "},{"@context":"https:\/\/schema.org\/","@type":"BreadcrumbList","itemListElement":[{"@type":"ListItem","position":1,"name":"Invalidn\u00ed voz\u00edk","item":"https:\/\/www.katel.cz\/invalidni-vozik\/#breadcrumbitem"}]}]