[{"@context":"https:\/\/schema.org\/","@type":"Article","@id":"https:\/\/www.katel.cz\/i-civilni-svatba-za-hubicku-musi-mit-patricnou-uroven\/#Article","mainEntityOfPage":"https:\/\/www.katel.cz\/i-civilni-svatba-za-hubicku-musi-mit-patricnou-uroven\/","headline":"I civiln\u00ed svatba za hubi\u010dku mus\u00ed m\u00edt pat\u0159i\u010dnou \u00farove\u0148","name":"I civiln\u00ed svatba za hubi\u010dku mus\u00ed m\u00edt pat\u0159i\u010dnou \u00farove\u0148","description":"A\u0165 u\u017e je pro v\u00e1s svatba dobrovolnou z\u00e1le\u017eitost\u00ed anebo povinnou nutnost\u00ed (ano, i to se v \u017eivot\u011b st\u00e1v\u00e1), m\u011bli byste [&hellip;]","datePublished":"2018-01-08","dateModified":"2023-05-26","author":{"@type":"Person","@id":"https:\/\/www.katel.cz\/author\/devene\/#Person","name":"devene","url":"https:\/\/www.katel.cz\/author\/devene\/","identifier":1,"image":{"@type":"ImageObject","@id":"https:\/\/secure.gravatar.com\/avatar\/d81a95b988e562d8ac0fc1eb5578e43f924bf78e85c5259f0dcab44a306610fa?s=96&d=mm&r=g","url":"https:\/\/secure.gravatar.com\/avatar\/d81a95b988e562d8ac0fc1eb5578e43f924bf78e85c5259f0dcab44a306610fa?s=96&d=mm&r=g","height":96,"width":96}},"publisher":{"@type":"Organization","name":"katel.cz","logo":{"@type":"ImageObject","@id":"\/logo.png","url":"\/logo.png","width":600,"height":60}},"image":{"@type":"ImageObject","@id":"https:\/\/www.katel.cz\/wp-content\/uploads\/img_a307262_w2295_t1518608305.jpg","url":"https:\/\/www.katel.cz\/wp-content\/uploads\/img_a307262_w2295_t1518608305.jpg","height":0,"width":0},"url":"https:\/\/www.katel.cz\/i-civilni-svatba-za-hubicku-musi-mit-patricnou-uroven\/","about":["Vzd\u011bl\u00e1n\u00ed"],"wordCount":422,"articleBody":"       A\u0165 u\u017e je pro v\u00e1s svatba dobrovolnou z\u00e1le\u017eitost\u00ed anebo povinnou nutnost\u00ed (ano, i to se v \u017eivot\u011b st\u00e1v\u00e1), m\u011bli byste se v\u017edy pokusit udr\u017eet jej\u00ed \u00farove\u0148. P\u0159ece jen se jedn\u00e1 o velk\u00fd \u017eivotn\u00ed okam\u017eik, kter\u00fd m\u00e1 b\u00fdt p\u0159edev\u0161\u00edm slavnostn\u00ed, proto\u017ee tak d\u016fle\u017eit\u00fd akt jako je s\u0148atek dvou lid\u00ed si \u017e\u00e1d\u00e1 maxim\u00e1ln\u00ed pozornost, a tedy i velkou p\u0159\u00edpravu. A to i p\u0159esto, \u017ee slavnostn\u00edmu oble\u010den\u00ed t\u0159eba dvakr\u00e1t neholdujete a neradi chod\u00edte do divadla a na plesy pr\u00e1v\u011b proto, \u017ee byste se kv\u016fli tomu museli spole\u010densky obl\u00e9ci. Nic naplat, p\u0159i t\u00e9to p\u0159\u00edle\u017eitosti se t\u00e9 nejv\u00edce slavnostn\u00ed r\u00f3b\u011b nevyhnete, a to ani v p\u0159\u00edpad\u011b, \u017ee se bude sna\u017eit ud\u011blat svou svatbu co nejv\u00edce civiln\u00ed. I v tomto p\u0159\u00edpad\u011b jsou na m\u00edst\u011b kr\u00e1sn\u00e9 spole\u010densk\u00e9 \u0161aty, by\u0165 t\u0159eba nebudou s vle\u010dkou a s t\u0159pytkami, ani s d\u00e9lkou a\u017e na zem. Ov\u0161em nemus\u00edte se ob\u00e1vat, \u017ee pr\u00e1v\u011b z tohoto d\u016fvodu byste museli za svou svatbu vydat velk\u00e9 jm\u011bn\u00ed, kter\u00e9 nav\u00edc ani nem\u00e1te k dispozici. Obl\u00e9ct se m\u016f\u017eete i za velice p\u0159ijatelnou cenu a m\u016f\u017eete si b\u00fdt jisti t\u00edm, \u017ee to na v\u00e1s nikdo nepozn\u00e1, ba naopak v\u00e1s budou v onen velk\u00fd den v\u0161ichni obdivovat. V takov\u00e9m p\u0159\u00edpad\u011b se v\u00e1m vyplat\u00ed sehnat si svatebn\u00ed \u0161aty levn\u011b t\u0159eba z v\u00fdprodeje, kter\u00e9 se \u010das od \u010dasu v p\u016fj\u010dovn\u00e1ch svatebn\u00edch a spole\u010densk\u00fdch \u0161at\u016f konaj\u00ed, a to dokonce i ve vyhl\u00e1\u0161en\u00fdch salonech. http:\/\/www.salon-korunka.cz\/  Tak\u017ee se v\u00e1m m\u016f\u017ee snadno st\u00e1t, \u017ee budete m\u00edt takov\u00e9 \u0161t\u011bst\u00ed, \u017ee si za velice p\u0159\u00edznivou cenu odnesete model, kter\u00fd v\u0161echny uchv\u00e1t\u00ed. Rozhodn\u011b si proto nenechejte uj\u00edt p\u0159\u00edle\u017eitost, abyste na sv\u00e9 vlastn\u00ed svatb\u011b zaz\u00e1\u0159ila, takovou \u0161anci u\u017e nikdy podruh\u00e9 v \u017eivot\u011b nedostanete a jist\u011b byste pozd\u011bji litovala, \u017ee jste svou p\u0159\u00edle\u017eitost nevyu\u017eila. V\u017edy\u0165 na sv\u00e9 kr\u00e1sn\u00e9 svatebn\u00ed fotografie se budete d\u00edvat je\u0161t\u011b dlouh\u00e1 l\u00e9ta a po v\u00e1s je\u0161t\u011b i va\u0161e d\u011bti a vnuci, nebo\u0165 tyto obr\u00e1zky b\u00fdvaj\u00ed zpravidla z\u00e1klady rodinn\u00fdch alb, je\u017e se d\u011bd\u00ed z generace na generaci.                                                                                                                                                                                                                                                                                                                                                                                           4.6\/5 - (5 votes)        "},{"@context":"https:\/\/schema.org\/","@type":"BreadcrumbList","itemListElement":[{"@type":"ListItem","position":1,"name":"I civiln\u00ed svatba za hubi\u010dku mus\u00ed m\u00edt pat\u0159i\u010dnou \u00farove\u0148","item":"https:\/\/www.katel.cz\/i-civilni-svatba-za-hubicku-musi-mit-patricnou-uroven\/#breadcrumbitem"}]}]